{"id":156,"date":"2019-01-28T10:00:52","date_gmt":"2019-01-28T09:00:52","guid":{"rendered":"https:\/\/www.salutemshop.com\/blog\/?p=156"},"modified":"2025-03-04T10:09:53","modified_gmt":"2025-03-04T09:09:53","slug":"la-rutina-facial-perfecta","status":"publish","type":"post","link":"https:\/\/www.salutemshop.com\/blog\/la-rutina-facial-perfecta\/","title":{"rendered":"La rutina facial perfecta"},"content":{"rendered":"\n<p>Cuidar la piel del rostro no tiene por qu\u00e9 llevar horas y horas. En menos de cinco minutos por la ma\u00f1ana y por la noche, puedes realizar una rutina facial perfecta que<strong> <\/strong>te dejar\u00e1<strong> la piel lista<\/strong> <strong>para afrontar el d\u00eda o para ir a la cama con la piel limpia y bien hidratada<\/strong>. Te contamos todos los secretos para que la piel de tu rostro luzca su mejor aspecto siempre.<\/p>\n\n\n\n<p>Aunque tradicionalmente son las mujeres las que m\u00e1s suelen cuidar\nsu piel cada vez son m\u00e1s los hombres que se animan a hacerlo y que\nse dan cuenta de la importancia que tienen estos rituales de limpieza\ne hidrataci\u00f3n para mejorar su aspecto y tambi\u00e9n la salud de la\npiel. Para ellos existen productos espec\u00edficos que est\u00e1n pensados\npara las necesidades concretas de su piel, diferente en muchas cosas\na las de las mujeres.<\/p>\n\n\n\n<h2 class=\"wp-block-heading\">1. Limpieza, la m\u00e1xima m\u00e1s importante<\/h2>\n\n\n\n<p>Es com\u00fan creer que si no te maquillas no tienes por qu\u00e9 llevar a cabo una rutina de limpieza de la piel. Pero no es as\u00ed. <strong>La piel del rostro se mancha por el simple contacto del aire<\/strong>, lleno de part\u00edculas de polvo y de contaminaci\u00f3n. Si a eso se une el uso de una crema hidratante, todav\u00eda tenemos m\u00e1s riesgo de suciedad en los poros.<\/p>\n\n\n\n<p>Lo mejor para una limpieza r\u00e1pida y eficaz es el <strong><a rel=\"noreferrer noopener\" aria-label=\" (abre en una nueva pesta\u00f1a)\" href=\"\/es\/cuidados-de-la-piel\/445-agua-micelar-limpiadora-vitalia-th-pharma-desmaquillante-cara-labios-ojos-tonifica-hidrata-no-perfume-no-alcohol-8426827035346.html\" target=\"_blank\">agua micelar<\/a>. <\/strong>Al no contener alcohol es <strong>apta para todo tipo de pieles<\/strong> y no solo limpia en profundidad la piel arrastrando todas las impurezas, sino que tambi\u00e9n es perfecta como desmaquillante, incluso en la delicada zona de los ojos ya que no hay que frotar para retirar la mascara y las sombras aplicadas.<\/p>\n\n\n\n<div class=\"wp-block-image\"><figure class=\"aligncenter\"><a href=\"\/es\/cuidados-de-la-piel\/445-agua-micelar-limpiadora-vitalia-th-pharma-desmaquillante-cara-labios-ojos-tonifica-hidrata-no-perfume-no-alcohol-8426827035346.html\" target=\"_blank\" rel=\"noreferrer noopener\"><img loading=\"lazy\" decoding=\"async\" width=\"1024\" height=\"1024\" src=\"https:\/\/www.salutemshop.com\/blog\/wp-content\/uploads\/2019\/01\/vitalia-agua-micelar-limpiadora-300ml-1024x1024.jpg\" alt=\"\" class=\"wp-image-157\" srcset=\"https:\/\/www.salutemshop.com\/blog\/wp-content\/uploads\/2019\/01\/vitalia-agua-micelar-limpiadora-300ml-1024x1024.jpg 1024w, https:\/\/www.salutemshop.com\/blog\/wp-content\/uploads\/2019\/01\/vitalia-agua-micelar-limpiadora-300ml-150x150.jpg 150w, https:\/\/www.salutemshop.com\/blog\/wp-content\/uploads\/2019\/01\/vitalia-agua-micelar-limpiadora-300ml-300x300.jpg 300w, https:\/\/www.salutemshop.com\/blog\/wp-content\/uploads\/2019\/01\/vitalia-agua-micelar-limpiadora-300ml-768x768.jpg 768w, https:\/\/www.salutemshop.com\/blog\/wp-content\/uploads\/2019\/01\/vitalia-agua-micelar-limpiadora-300ml-732x732.jpg 732w, https:\/\/www.salutemshop.com\/blog\/wp-content\/uploads\/2019\/01\/vitalia-agua-micelar-limpiadora-300ml-1140x1140.jpg 1140w, https:\/\/www.salutemshop.com\/blog\/wp-content\/uploads\/2019\/01\/vitalia-agua-micelar-limpiadora-300ml.jpg 1500w\" sizes=\"auto, (max-width: 1024px) 100vw, 1024px\" \/><\/a><\/figure><\/div>\n\n\n\n<p>Las micelas contenidas en esta agua son tan efectivas que incluso <strong>pueden retirar los maquillajes resistentes al agua y sin irritar la piel<\/strong>. Por tanto, con un \u00fanico producto se puede limpiar y tonificar la piel sin ser necesarios varios pasos como suced\u00eda anta\u00f1o.  <\/p>\n\n\n\n<p>Se aplica con un algod\u00f3n, como\ncualquier otro producto de limpieza o t\u00f3nico y no es necesario\nlavarse la cara tras su uso ya que no deja residuos. Esto ahorra\nmucho tiempo de limpieza. Si la persona no lleva maquillaje en un\nminuto tendr\u00e1 la piel del rostro lista y si lleva maquillaje puede\nnecesitar un m\u00e1ximo de dos para que todo quede eliminado.<\/p>\n\n\n\n<h2 class=\"wp-block-heading\">2. El contorno de los ojos, una zona muy delicada<\/h2>\n\n\n\n<p>Una vez que la piel est\u00e1 limpia es la hora de tratar el contorno de los ojos, que es <strong>la zona m\u00e1s delicada del rostro<\/strong>. Un <strong><a rel=\"noreferrer noopener\" aria-label=\" (abre en una nueva pesta\u00f1a)\" href=\"\/es\/cosmetica-facial-para-todo-tipo-de-pieles-y-sus-necesidades\/879-parabotica-crema-gel-contorno-de-ojos-triple-accion-15ml.html\" target=\"_blank\">tratamiento para el contorno de los ojos<\/a> <\/strong>debe de ser capaz de ejercer una triple funci\u00f3n: conseguir bajar la inflaci\u00f3n de las bolsas, atenuar las ojeras y lograr suavizar las marcas de la edad.  <\/p>\n\n\n\n<div class=\"wp-block-image\"><figure class=\"aligncenter\"><a href=\"\/es\/cosmetica-facial-para-todo-tipo-de-pieles-y-sus-necesidades\/879-parabotica-crema-gel-contorno-de-ojos-triple-accion-15ml.html\"><img loading=\"lazy\" decoding=\"async\" width=\"344\" height=\"434\" src=\"https:\/\/www.salutemshop.com\/blog\/wp-content\/uploads\/2019\/01\/parabotica-crema-gel-contorno-de-ojos-triple-accion-15ml.jpg\" alt=\"parabotica-crema-gel-contorno-de-ojos-triple-accion-15ml\" class=\"wp-image-161\" srcset=\"https:\/\/www.salutemshop.com\/blog\/wp-content\/uploads\/2019\/01\/parabotica-crema-gel-contorno-de-ojos-triple-accion-15ml.jpg 344w, https:\/\/www.salutemshop.com\/blog\/wp-content\/uploads\/2019\/01\/parabotica-crema-gel-contorno-de-ojos-triple-accion-15ml-238x300.jpg 238w\" sizes=\"auto, (max-width: 344px) 100vw, 344px\" \/><\/a><\/figure><\/div>\n\n\n\n<p>Es <strong>importante que se trate de un producto espec\u00edfico para la zona<\/strong> porque estamos hablando de una piel muy fina y muy sensible que tiene unas necesidades especiales totalmente diferentes de la del resto de la piel de la cara.<\/p>\n\n\n\n<p>Para aplicar el tratamiento en la zona\ndel contorno de los ojos hay que hacerlo con mucha suavidad\nextendiendo el producto desde la base de la nariz hacia el rabillo\ndel ojo. Por \u00faltimo, se trata el borde del ojo siempre desde el ojo\nhacia la sien. Aplicar este tratamiento puede llevar como m\u00e1ximo un\nminuto de tiempo.<\/p>\n\n\n\n<h2 class=\"wp-block-heading\">3. El serum, un plus de vitaminas y nutrientes<\/h2>\n\n\n\n<p>El <strong><a href=\"\/es\/cuidados-de-la-piel\/878-parabotica-serum-reparador-intensivo-30-ml.html\" target=\"_blank\" rel=\"noreferrer noopener\" aria-label=\" (abre en una nueva pesta\u00f1a)\">serum<\/a> <\/strong>es un tratamiento altamente concentrado que nutre e hidrata la piel en profundidad. Se aplica en el rostro limpio para que penetre bien en todos los poros de la piel. Se debe evitar su aplicaci\u00f3n en la zona del contorno de los ojos en donde ya se ha dado un producto especial para esta \u00e1rea.<\/p>\n\n\n\n<div class=\"wp-block-image\"><figure class=\"aligncenter\"><a href=\"\/es\/cosmetica-facial-para-todo-tipo-de-pieles-y-sus-necesidades\/879-parabotica-crema-gel-contorno-de-ojos-triple-accion-15ml.html\" target=\"_blank\" rel=\"noreferrer noopener\"><img loading=\"lazy\" decoding=\"async\" width=\"448\" height=\"490\" src=\"https:\/\/www.salutemshop.com\/blog\/wp-content\/uploads\/2019\/01\/parabotica-serum-reparador-intensivo-30-ml-1.jpg\" alt=\"\" class=\"wp-image-159\" srcset=\"https:\/\/www.salutemshop.com\/blog\/wp-content\/uploads\/2019\/01\/parabotica-serum-reparador-intensivo-30-ml-1.jpg 448w, https:\/\/www.salutemshop.com\/blog\/wp-content\/uploads\/2019\/01\/parabotica-serum-reparador-intensivo-30-ml-1-274x300.jpg 274w\" sizes=\"auto, (max-width: 448px) 100vw, 448px\" \/><\/a><\/figure><\/div>\n\n\n\n<p>El tratamiento es muy concentrado por lo que <strong>no se necesita m\u00e1s que una peque\u00f1a cantidad que se debe de extender cuidadosamente<\/strong>. En la zona de los p\u00f3mulos el serum se aplica desde la zona de la boca hasta las sienes y as\u00ed hasta llegar al \u00f3valo del rostro. En la zona del cuello, se parte desde el centro hacia detr\u00e1s de las orejas. En la frente, el serum se aplica partiendo del entrecejo y hacia las sienes. Estar\u00edamos hablando de otro minuto de tiempo para la aplicaci\u00f3n del serum.<\/p>\n\n\n\n<h2 class=\"wp-block-heading\">4. La crema hidratante<\/h2>\n\n\n\n<p>Hablamos de <strong><a href=\"\/es\/cosmetica-facial-para-todo-tipo-de-pieles-y-sus-necesidades\/579-crema-facial-antiarrugas-xhekpon-colageno-centella-asiatica-aloe-vera-hidrata-regenera-revitaliza-reafirma-la-piel.html\" target=\"_blank\" rel=\"noreferrer noopener\" aria-label=\" (abre en una nueva pesta\u00f1a)\">crema hidrante<\/a><\/strong>, pero realmente nos referimos a cualquier crema que se utilice para el tratamiento diario, bien sea exclusivamente hidratante, bien sea tambi\u00e9n nutritiva o contenga elementos anti edad.  <\/p>\n\n\n\n<div class=\"wp-block-image\"><figure class=\"aligncenter\"><a href=\"\/es\/cosmetica-facial-para-todo-tipo-de-pieles-y-sus-necesidades\/579-crema-facial-antiarrugas-xhekpon-colageno-centella-asiatica-aloe-vera-hidrata-regenera-revitaliza-reafirma-la-piel.html\" target=\"_blank\" rel=\"noreferrer noopener\"><img loading=\"lazy\" decoding=\"async\" width=\"600\" height=\"600\" src=\"https:\/\/www.salutemshop.com\/blog\/wp-content\/uploads\/2019\/01\/crema-facial-antiarrugas-xhekpon.jpg\" alt=\"\" class=\"wp-image-160\" srcset=\"https:\/\/www.salutemshop.com\/blog\/wp-content\/uploads\/2019\/01\/crema-facial-antiarrugas-xhekpon.jpg 600w, https:\/\/www.salutemshop.com\/blog\/wp-content\/uploads\/2019\/01\/crema-facial-antiarrugas-xhekpon-150x150.jpg 150w, https:\/\/www.salutemshop.com\/blog\/wp-content\/uploads\/2019\/01\/crema-facial-antiarrugas-xhekpon-300x300.jpg 300w\" sizes=\"auto, (max-width: 600px) 100vw, 600px\" \/><\/a><\/figure><\/div>\n\n\n\n<p>La crema hidratante <strong>es el \u00faltimo paso para la rutina facial perfecta<\/strong>. Algunas personas optan por una crema de d\u00eda y por otra de noche mientras que otras usan la misma crema siempre. <\/p>\n\n\n\n<p>Normalmente, <strong>las cremas nocturnas contribuyen m\u00e1s al proceso de renovaci\u00f3n y de regeneraci\u00f3n que se produce durante la noche mientras que las de d\u00eda protegen de los agentes externos como el sol adem\u00e1s de hidratar y nutrir<\/strong>. Como m\u00e1ximo, necesitar\u00e1s un minuto de tiempo para aplicarla, por lo que, como puedes comprobar, la rutina completa te va a llevar completarla un m\u00e1ximo de cinco minutos de tiempo, tal como hab\u00edamos prometido.<\/p>\n","protected":false},"excerpt":{"rendered":"<p>Cuidar la piel del rostro no tiene por qu\u00e9 llevar horas y horas. En menos de cinco minutos por la ma\u00f1ana y por la noche, puedes realizar una rutina facial perfecta que te dejar\u00e1 la piel lista para afrontar el d\u00eda o para ir a la cama con la piel limpia y bien hidratada. Te [&hellip;]<\/p>\n","protected":false},"author":2,"featured_media":163,"comment_status":"open","ping_status":"closed","sticky":false,"template":"","format":"standard","meta":{"footnotes":""},"categories":[8],"tags":[],"class_list":["post-156","post","type-post","status-publish","format-standard","has-post-thumbnail","hentry","category-cosmetica-facial"],"yoast_head":"<!-- This site is optimized with the Yoast SEO plugin v27.3 - https:\/\/yoast.com\/product\/yoast-seo-wordpress\/ -->\n<title>La rutina facial perfecta - Blog Salutem Shop<\/title>\n<meta name=\"robots\" content=\"index, follow, max-snippet:-1, max-image-preview:large, max-video-preview:-1\" \/>\n<link rel=\"canonical\" href=\"https:\/\/www.salutemshop.com\/blog\/la-rutina-facial-perfecta\/\" \/>\n<meta property=\"og:locale\" content=\"es_ES\" \/>\n<meta property=\"og:type\" content=\"article\" \/>\n<meta property=\"og:title\" content=\"La rutina facial perfecta - Blog Salutem Shop\" \/>\n<meta property=\"og:description\" content=\"Cuidar la piel del rostro no tiene por qu\u00e9 llevar horas y horas. En menos de cinco minutos por la ma\u00f1ana y por la noche, puedes realizar una rutina facial perfecta que te dejar\u00e1 la piel lista para afrontar el d\u00eda o para ir a la cama con la piel limpia y bien hidratada. Te [&hellip;]\" \/>\n<meta property=\"og:url\" content=\"https:\/\/www.salutemshop.com\/blog\/la-rutina-facial-perfecta\/\" \/>\n<meta property=\"og:site_name\" content=\"Blog Salutem Shop\" \/>\n<meta property=\"article:published_time\" content=\"2019-01-28T09:00:52+00:00\" \/>\n<meta property=\"article:modified_time\" content=\"2025-03-04T09:09:53+00:00\" \/>\n<meta property=\"og:image\" content=\"https:\/\/www.salutemshop.com\/blog\/wp-content\/uploads\/2019\/01\/cuidado-piel-cara.jpg\" \/>\n\t<meta property=\"og:image:width\" content=\"794\" \/>\n\t<meta property=\"og:image:height\" content=\"529\" \/>\n\t<meta property=\"og:image:type\" content=\"image\/jpeg\" \/>\n<meta name=\"author\" content=\"salutemshop\" \/>\n<meta name=\"twitter:card\" content=\"summary_large_image\" \/>\n<meta name=\"twitter:label1\" content=\"Escrito por\" \/>\n\t<meta name=\"twitter:data1\" content=\"salutemshop\" \/>\n\t<meta name=\"twitter:label2\" content=\"Tiempo de lectura\" \/>\n\t<meta name=\"twitter:data2\" content=\"4 minutos\" \/>\n<script type=\"application\/ld+json\" class=\"yoast-schema-graph\">{\"@context\":\"https:\\\/\\\/schema.org\",\"@graph\":[{\"@type\":\"Article\",\"@id\":\"https:\\\/\\\/www.salutemshop.com\\\/blog\\\/la-rutina-facial-perfecta\\\/#article\",\"isPartOf\":{\"@id\":\"https:\\\/\\\/www.salutemshop.com\\\/blog\\\/la-rutina-facial-perfecta\\\/\"},\"author\":{\"name\":\"salutemshop\",\"@id\":\"https:\\\/\\\/www.salutemshop.com\\\/blog\\\/#\\\/schema\\\/person\\\/efbd44887c2825c47d4213d3153a47b5\"},\"headline\":\"La rutina facial perfecta\",\"datePublished\":\"2019-01-28T09:00:52+00:00\",\"dateModified\":\"2025-03-04T09:09:53+00:00\",\"mainEntityOfPage\":{\"@id\":\"https:\\\/\\\/www.salutemshop.com\\\/blog\\\/la-rutina-facial-perfecta\\\/\"},\"wordCount\":897,\"commentCount\":0,\"image\":{\"@id\":\"https:\\\/\\\/www.salutemshop.com\\\/blog\\\/la-rutina-facial-perfecta\\\/#primaryimage\"},\"thumbnailUrl\":\"https:\\\/\\\/www.salutemshop.com\\\/blog\\\/wp-content\\\/uploads\\\/2019\\\/01\\\/cuidado-piel-cara.jpg\",\"articleSection\":[\"Cosm\u00e9tica Facial\"],\"inLanguage\":\"es\",\"potentialAction\":[{\"@type\":\"CommentAction\",\"name\":\"Comment\",\"target\":[\"https:\\\/\\\/www.salutemshop.com\\\/blog\\\/la-rutina-facial-perfecta\\\/#respond\"]}]},{\"@type\":\"WebPage\",\"@id\":\"https:\\\/\\\/www.salutemshop.com\\\/blog\\\/la-rutina-facial-perfecta\\\/\",\"url\":\"https:\\\/\\\/www.salutemshop.com\\\/blog\\\/la-rutina-facial-perfecta\\\/\",\"name\":\"La rutina facial perfecta - Blog Salutem Shop\",\"isPartOf\":{\"@id\":\"https:\\\/\\\/www.salutemshop.com\\\/blog\\\/#website\"},\"primaryImageOfPage\":{\"@id\":\"https:\\\/\\\/www.salutemshop.com\\\/blog\\\/la-rutina-facial-perfecta\\\/#primaryimage\"},\"image\":{\"@id\":\"https:\\\/\\\/www.salutemshop.com\\\/blog\\\/la-rutina-facial-perfecta\\\/#primaryimage\"},\"thumbnailUrl\":\"https:\\\/\\\/www.salutemshop.com\\\/blog\\\/wp-content\\\/uploads\\\/2019\\\/01\\\/cuidado-piel-cara.jpg\",\"datePublished\":\"2019-01-28T09:00:52+00:00\",\"dateModified\":\"2025-03-04T09:09:53+00:00\",\"author\":{\"@id\":\"https:\\\/\\\/www.salutemshop.com\\\/blog\\\/#\\\/schema\\\/person\\\/efbd44887c2825c47d4213d3153a47b5\"},\"breadcrumb\":{\"@id\":\"https:\\\/\\\/www.salutemshop.com\\\/blog\\\/la-rutina-facial-perfecta\\\/#breadcrumb\"},\"inLanguage\":\"es\",\"potentialAction\":[{\"@type\":\"ReadAction\",\"target\":[\"https:\\\/\\\/www.salutemshop.com\\\/blog\\\/la-rutina-facial-perfecta\\\/\"]}]},{\"@type\":\"ImageObject\",\"inLanguage\":\"es\",\"@id\":\"https:\\\/\\\/www.salutemshop.com\\\/blog\\\/la-rutina-facial-perfecta\\\/#primaryimage\",\"url\":\"https:\\\/\\\/www.salutemshop.com\\\/blog\\\/wp-content\\\/uploads\\\/2019\\\/01\\\/cuidado-piel-cara.jpg\",\"contentUrl\":\"https:\\\/\\\/www.salutemshop.com\\\/blog\\\/wp-content\\\/uploads\\\/2019\\\/01\\\/cuidado-piel-cara.jpg\",\"width\":794,\"height\":529,\"caption\":\"cuidado-piel-cara\"},{\"@type\":\"BreadcrumbList\",\"@id\":\"https:\\\/\\\/www.salutemshop.com\\\/blog\\\/la-rutina-facial-perfecta\\\/#breadcrumb\",\"itemListElement\":[{\"@type\":\"ListItem\",\"position\":1,\"name\":\"Portada\",\"item\":\"https:\\\/\\\/www.salutemshop.com\\\/blog\\\/\"},{\"@type\":\"ListItem\",\"position\":2,\"name\":\"La rutina facial perfecta\"}]},{\"@type\":\"WebSite\",\"@id\":\"https:\\\/\\\/www.salutemshop.com\\\/blog\\\/#website\",\"url\":\"https:\\\/\\\/www.salutemshop.com\\\/blog\\\/\",\"name\":\"Blog Salutem Shop\",\"description\":\"Consejos, remedios naturales y m\u00e1s.\",\"potentialAction\":[{\"@type\":\"SearchAction\",\"target\":{\"@type\":\"EntryPoint\",\"urlTemplate\":\"https:\\\/\\\/www.salutemshop.com\\\/blog\\\/?s={search_term_string}\"},\"query-input\":{\"@type\":\"PropertyValueSpecification\",\"valueRequired\":true,\"valueName\":\"search_term_string\"}}],\"inLanguage\":\"es\"},{\"@type\":\"Person\",\"@id\":\"https:\\\/\\\/www.salutemshop.com\\\/blog\\\/#\\\/schema\\\/person\\\/efbd44887c2825c47d4213d3153a47b5\",\"name\":\"salutemshop\",\"image\":{\"@type\":\"ImageObject\",\"inLanguage\":\"es\",\"@id\":\"https:\\\/\\\/secure.gravatar.com\\\/avatar\\\/97cb944496b44cb3e7097c69e394409cc77c991acbdc57cd1640e0419f5fa98a?s=96&d=mm&r=g\",\"url\":\"https:\\\/\\\/secure.gravatar.com\\\/avatar\\\/97cb944496b44cb3e7097c69e394409cc77c991acbdc57cd1640e0419f5fa98a?s=96&d=mm&r=g\",\"contentUrl\":\"https:\\\/\\\/secure.gravatar.com\\\/avatar\\\/97cb944496b44cb3e7097c69e394409cc77c991acbdc57cd1640e0419f5fa98a?s=96&d=mm&r=g\",\"caption\":\"salutemshop\"},\"url\":\"https:\\\/\\\/www.salutemshop.com\\\/blog\\\/author\\\/salutemshop\\\/\"}]}<\/script>\n<!-- \/ Yoast SEO plugin. -->","yoast_head_json":{"title":"La rutina facial perfecta - Blog Salutem Shop","robots":{"index":"index","follow":"follow","max-snippet":"max-snippet:-1","max-image-preview":"max-image-preview:large","max-video-preview":"max-video-preview:-1"},"canonical":"https:\/\/www.salutemshop.com\/blog\/la-rutina-facial-perfecta\/","og_locale":"es_ES","og_type":"article","og_title":"La rutina facial perfecta - Blog Salutem Shop","og_description":"Cuidar la piel del rostro no tiene por qu\u00e9 llevar horas y horas. En menos de cinco minutos por la ma\u00f1ana y por la noche, puedes realizar una rutina facial perfecta que te dejar\u00e1 la piel lista para afrontar el d\u00eda o para ir a la cama con la piel limpia y bien hidratada. Te [&hellip;]","og_url":"https:\/\/www.salutemshop.com\/blog\/la-rutina-facial-perfecta\/","og_site_name":"Blog Salutem Shop","article_published_time":"2019-01-28T09:00:52+00:00","article_modified_time":"2025-03-04T09:09:53+00:00","og_image":[{"width":794,"height":529,"url":"https:\/\/www.salutemshop.com\/blog\/wp-content\/uploads\/2019\/01\/cuidado-piel-cara.jpg","type":"image\/jpeg"}],"author":"salutemshop","twitter_card":"summary_large_image","twitter_misc":{"Escrito por":"salutemshop","Tiempo de lectura":"4 minutos"},"schema":{"@context":"https:\/\/schema.org","@graph":[{"@type":"Article","@id":"https:\/\/www.salutemshop.com\/blog\/la-rutina-facial-perfecta\/#article","isPartOf":{"@id":"https:\/\/www.salutemshop.com\/blog\/la-rutina-facial-perfecta\/"},"author":{"name":"salutemshop","@id":"https:\/\/www.salutemshop.com\/blog\/#\/schema\/person\/efbd44887c2825c47d4213d3153a47b5"},"headline":"La rutina facial perfecta","datePublished":"2019-01-28T09:00:52+00:00","dateModified":"2025-03-04T09:09:53+00:00","mainEntityOfPage":{"@id":"https:\/\/www.salutemshop.com\/blog\/la-rutina-facial-perfecta\/"},"wordCount":897,"commentCount":0,"image":{"@id":"https:\/\/www.salutemshop.com\/blog\/la-rutina-facial-perfecta\/#primaryimage"},"thumbnailUrl":"https:\/\/www.salutemshop.com\/blog\/wp-content\/uploads\/2019\/01\/cuidado-piel-cara.jpg","articleSection":["Cosm\u00e9tica Facial"],"inLanguage":"es","potentialAction":[{"@type":"CommentAction","name":"Comment","target":["https:\/\/www.salutemshop.com\/blog\/la-rutina-facial-perfecta\/#respond"]}]},{"@type":"WebPage","@id":"https:\/\/www.salutemshop.com\/blog\/la-rutina-facial-perfecta\/","url":"https:\/\/www.salutemshop.com\/blog\/la-rutina-facial-perfecta\/","name":"La rutina facial perfecta - Blog Salutem Shop","isPartOf":{"@id":"https:\/\/www.salutemshop.com\/blog\/#website"},"primaryImageOfPage":{"@id":"https:\/\/www.salutemshop.com\/blog\/la-rutina-facial-perfecta\/#primaryimage"},"image":{"@id":"https:\/\/www.salutemshop.com\/blog\/la-rutina-facial-perfecta\/#primaryimage"},"thumbnailUrl":"https:\/\/www.salutemshop.com\/blog\/wp-content\/uploads\/2019\/01\/cuidado-piel-cara.jpg","datePublished":"2019-01-28T09:00:52+00:00","dateModified":"2025-03-04T09:09:53+00:00","author":{"@id":"https:\/\/www.salutemshop.com\/blog\/#\/schema\/person\/efbd44887c2825c47d4213d3153a47b5"},"breadcrumb":{"@id":"https:\/\/www.salutemshop.com\/blog\/la-rutina-facial-perfecta\/#breadcrumb"},"inLanguage":"es","potentialAction":[{"@type":"ReadAction","target":["https:\/\/www.salutemshop.com\/blog\/la-rutina-facial-perfecta\/"]}]},{"@type":"ImageObject","inLanguage":"es","@id":"https:\/\/www.salutemshop.com\/blog\/la-rutina-facial-perfecta\/#primaryimage","url":"https:\/\/www.salutemshop.com\/blog\/wp-content\/uploads\/2019\/01\/cuidado-piel-cara.jpg","contentUrl":"https:\/\/www.salutemshop.com\/blog\/wp-content\/uploads\/2019\/01\/cuidado-piel-cara.jpg","width":794,"height":529,"caption":"cuidado-piel-cara"},{"@type":"BreadcrumbList","@id":"https:\/\/www.salutemshop.com\/blog\/la-rutina-facial-perfecta\/#breadcrumb","itemListElement":[{"@type":"ListItem","position":1,"name":"Portada","item":"https:\/\/www.salutemshop.com\/blog\/"},{"@type":"ListItem","position":2,"name":"La rutina facial perfecta"}]},{"@type":"WebSite","@id":"https:\/\/www.salutemshop.com\/blog\/#website","url":"https:\/\/www.salutemshop.com\/blog\/","name":"Blog Salutem Shop","description":"Consejos, remedios naturales y m\u00e1s.","potentialAction":[{"@type":"SearchAction","target":{"@type":"EntryPoint","urlTemplate":"https:\/\/www.salutemshop.com\/blog\/?s={search_term_string}"},"query-input":{"@type":"PropertyValueSpecification","valueRequired":true,"valueName":"search_term_string"}}],"inLanguage":"es"},{"@type":"Person","@id":"https:\/\/www.salutemshop.com\/blog\/#\/schema\/person\/efbd44887c2825c47d4213d3153a47b5","name":"salutemshop","image":{"@type":"ImageObject","inLanguage":"es","@id":"https:\/\/secure.gravatar.com\/avatar\/97cb944496b44cb3e7097c69e394409cc77c991acbdc57cd1640e0419f5fa98a?s=96&d=mm&r=g","url":"https:\/\/secure.gravatar.com\/avatar\/97cb944496b44cb3e7097c69e394409cc77c991acbdc57cd1640e0419f5fa98a?s=96&d=mm&r=g","contentUrl":"https:\/\/secure.gravatar.com\/avatar\/97cb944496b44cb3e7097c69e394409cc77c991acbdc57cd1640e0419f5fa98a?s=96&d=mm&r=g","caption":"salutemshop"},"url":"https:\/\/www.salutemshop.com\/blog\/author\/salutemshop\/"}]}},"_links":{"self":[{"href":"https:\/\/www.salutemshop.com\/blog\/wp-json\/wp\/v2\/posts\/156","targetHints":{"allow":["GET"]}}],"collection":[{"href":"https:\/\/www.salutemshop.com\/blog\/wp-json\/wp\/v2\/posts"}],"about":[{"href":"https:\/\/www.salutemshop.com\/blog\/wp-json\/wp\/v2\/types\/post"}],"author":[{"embeddable":true,"href":"https:\/\/www.salutemshop.com\/blog\/wp-json\/wp\/v2\/users\/2"}],"replies":[{"embeddable":true,"href":"https:\/\/www.salutemshop.com\/blog\/wp-json\/wp\/v2\/comments?post=156"}],"version-history":[{"count":1,"href":"https:\/\/www.salutemshop.com\/blog\/wp-json\/wp\/v2\/posts\/156\/revisions"}],"predecessor-version":[{"id":164,"href":"https:\/\/www.salutemshop.com\/blog\/wp-json\/wp\/v2\/posts\/156\/revisions\/164"}],"wp:featuredmedia":[{"embeddable":true,"href":"https:\/\/www.salutemshop.com\/blog\/wp-json\/wp\/v2\/media\/163"}],"wp:attachment":[{"href":"https:\/\/www.salutemshop.com\/blog\/wp-json\/wp\/v2\/media?parent=156"}],"wp:term":[{"taxonomy":"category","embeddable":true,"href":"https:\/\/www.salutemshop.com\/blog\/wp-json\/wp\/v2\/categories?post=156"},{"taxonomy":"post_tag","embeddable":true,"href":"https:\/\/www.salutemshop.com\/blog\/wp-json\/wp\/v2\/tags?post=156"}],"curies":[{"name":"wp","href":"https:\/\/api.w.org\/{rel}","templated":true}]}}