{"id":130,"date":"2018-12-11T10:00:25","date_gmt":"2018-12-11T09:00:25","guid":{"rendered":"https:\/\/www.salutemshop.com\/blog\/?p=130"},"modified":"2025-03-04T10:09:53","modified_gmt":"2025-03-04T09:09:53","slug":"aumenta-las-defensas-de-tu-cuerpo-este-invierno","status":"publish","type":"post","link":"https:\/\/www.salutemshop.com\/blog\/aumenta-las-defensas-de-tu-cuerpo-este-invierno\/","title":{"rendered":"Aumenta las defensas de tu cuerpo este invierno"},"content":{"rendered":"\n<p>Llega el invierno y muchos ya hemos pasado alg\u00fan que otro resfriado. Si te ha sucedido es porque tus defensas no est\u00e1n suficientemente fuertes. Ponle remedio a eso con un producto como <strong><a rel=\"noreferrer noopener\" aria-label=\"Llega el invierno y muchos ya hemos pasado alg\u00fan resfriado. Site ha sucedido es porque tus defensas no est\u00e1n suficientemente fuertes. Ponle remedio a eso con un producto como Prop\u00f3leo masticable con Vitamina C, equinac\u00e9a y tomillo parafortalecer tus defensas en general. El prop\u00f3leo es conocido desde la\u00e9poca de la antigua Grecia y se considera el mejor aliado para elsistema inmune. Es totalmente natural ya que est\u00e1 elaborado por lasabejas pero es todav\u00eda mejor que la miel normal. (opens in a new tab)\" href=\"\/es\/vitaminas-y-nutrientes\/43-propoleo-masticable-vitamina-c-equinacea-tomillo-valefarma-defensas-y-afecciones-respiratorias--8437012701373.html\" target=\"_blank\">Prop\u00f3leo masticable con Vitamina C, equinac\u00e9a y tomillo<\/a> <\/strong>para fortalecer tus defensas en general. El prop\u00f3leo es conocido desde la \u00e9poca de la antigua Grecia y se considera el mejor aliado para el sistema inmune. Es <strong>totalmente natural<\/strong> ya que est\u00e1 elaborado por las abejas pero es todav\u00eda mejor que la miel normal.<\/p>\n\n\n\n<div class=\"wp-block-image\"><figure class=\"aligncenter\"><a href=\"\/es\/vitaminas-y-nutrientes\/43-propoleo-masticable-vitamina-c-equinacea-tomillo-valefarma-defensas-y-afecciones-respiratorias--8437012701373.html\" target=\"_blank\" rel=\"noreferrer noopener\"><img loading=\"lazy\" decoding=\"async\" width=\"458\" height=\"458\" src=\"https:\/\/www.salutemshop.com\/blog\/wp-content\/uploads\/2018\/12\/propolis.jpg\" alt=\"\" class=\"wp-image-131\" srcset=\"https:\/\/www.salutemshop.com\/blog\/wp-content\/uploads\/2018\/12\/propolis.jpg 458w, https:\/\/www.salutemshop.com\/blog\/wp-content\/uploads\/2018\/12\/propolis-150x150.jpg 150w, https:\/\/www.salutemshop.com\/blog\/wp-content\/uploads\/2018\/12\/propolis-300x300.jpg 300w\" sizes=\"auto, (max-width: 458px) 100vw, 458px\" \/><\/a><\/figure><\/div>\n\n\n\n<p>La vitamina C tambi\u00e9n<strong> ayuda a fortalecer las defensas<\/strong> y la equin\u00e1cea es famosa porque <strong>aumenta la producci\u00f3n de c\u00e9lulas T y interfer\u00f3n que es la prote\u00edna que estimula el sistema inmunol\u00f3gico<\/strong>. El tomillo tiene <strong>propiedades antibacterianas, antihongos, antitusivas, mucol\u00edticas, diur\u00e9ticas y analg\u00e9sicas entre otras muchas<\/strong>. \u00bfSe puede pedir m\u00e1s a un producto totalmente natural?<\/p>\n\n\n\n<p>Pero, \u00bfpor qu\u00e9 son tan importantes estos productos durante el invierno? Porque est\u00e1 demostrado que <strong>el fr\u00edo, especialmente el extremo, ataca directamente al sistema inmune<\/strong> y reduce las defensas haciendo que el cuerpo se muestre mucho m\u00e1s vulnerable. Adem\u00e1s, es la \u00e9poca en la que est\u00e1n m\u00e1s presentes virus como el de la gripe o problemas de bacterias como infecciones respiratorias, por lo que es muy f\u00e1cil acabar teniendo problemas de salud si no ayudamos al cuerpo a estar en la mejor forma posible.<\/p>\n\n\n\n<h2 class=\"wp-block-heading\">Afronta la Navidad con tus defensas en plena\nforma<\/h2>\n\n\n\n<p>Unas defensas fuertes son fundamentales para que puedas afrontar de la mejor manera tus cenas y comidas de estas navidades y adem\u00e1s no te preocupes por otros problemas como resfriados o gripes que pueden hacer que las vacaciones sean un desastre.<\/p>\n\n\n\n<p><strong><a rel=\"noreferrer noopener\" aria-label=\"Composor8. Echina Complex de Soria Natural te ayudar\u00e1 a prevenir los resfriados tan frecuentes en estas fechas debido a que se pasa de estancias con muchos grados de calor al fr\u00edo del exterior y muchas veces con trajes de fiesta que no abrigan tanto como deber\u00edan. Es habitual en esta \u00e9poca del a\u00f1o que muchas personas, especialmente las mujeres, sacrifiquen el ir abrigadas para poder lucir su ropa m\u00e1s bonita. Pero lo ideal es que te veas guapa en la fiesta, pero tengas un buen abrigo al salir, aunque no sea el m\u00e1s festivo. (opens in a new tab)\" href=\"\/es\/sistema-inmunologico\/100-composor-8-echina-complex-soria-natural-extractos-de-plantas-eleva-las-defensas-previene-gripes-resfriados-8422947150082.html\" target=\"_blank\">Composor8. Echina Complex de Soria Natural<\/a> te ayudar\u00e1 a prevenir los resfriados<\/strong> tan frecuentes en estas fechas debido a que se pasa de estancias con muchos grados de calor al fr\u00edo del exterior y muchas veces con trajes de fiesta que no abrigan tanto como deber\u00edan. Es habitual en esta \u00e9poca del a\u00f1o que muchas personas, sacrifiquen el ir abrigadas para poder lucir su ropa m\u00e1s bonita. Pero lo ideal es que te veas guapa en la fiesta, pero tengas un buen abrigo al salir, aunque no sea el m\u00e1s festivo.<\/p>\n\n\n\n<div class=\"wp-block-image\"><figure class=\"aligncenter\"><a href=\"\/es\/sistema-inmunologico\/100-composor-8-echina-complex-soria-natural-extractos-de-plantas-eleva-las-defensas-previene-gripes-resfriados-8422947150082.html\" target=\"_blank\" rel=\"noreferrer noopener\"><img loading=\"lazy\" decoding=\"async\" width=\"800\" height=\"800\" src=\"https:\/\/www.salutemshop.com\/blog\/wp-content\/uploads\/2018\/12\/composor-8-echina-complex-soria-natural-50-ml.jpg\" alt=\"\" class=\"wp-image-132\" srcset=\"https:\/\/www.salutemshop.com\/blog\/wp-content\/uploads\/2018\/12\/composor-8-echina-complex-soria-natural-50-ml.jpg 800w, https:\/\/www.salutemshop.com\/blog\/wp-content\/uploads\/2018\/12\/composor-8-echina-complex-soria-natural-50-ml-150x150.jpg 150w, https:\/\/www.salutemshop.com\/blog\/wp-content\/uploads\/2018\/12\/composor-8-echina-complex-soria-natural-50-ml-300x300.jpg 300w, https:\/\/www.salutemshop.com\/blog\/wp-content\/uploads\/2018\/12\/composor-8-echina-complex-soria-natural-50-ml-768x768.jpg 768w, https:\/\/www.salutemshop.com\/blog\/wp-content\/uploads\/2018\/12\/composor-8-echina-complex-soria-natural-50-ml-732x732.jpg 732w\" sizes=\"auto, (max-width: 800px) 100vw, 800px\" \/><\/a><\/figure><\/div>\n\n\n\n<p>Composor 8 est\u00e1 hecho a base de aceites extra\u00eddos de la equin\u00e1cea, el tomillo y el propoleo, por lo que es una buena forma de fortalecer las defensas y luchar contra todo tipo de virus y de bacterias que puedan atacar al organismo.<\/p>\n\n\n\n<p>Pero si ya te has resfriado,evita las medicaciones que pueden da\u00f1ar tu est\u00f3mago y hacer que la Navidad sea una pesadilla. Productos como <strong><a href=\"https:\/\/www.salutemshop.com\/es\/dolencias-en-general\/522-refristop-naranja-pharmadietresfriado-gripe-defensas-equinacea-sauce-droseraeucaliptotomillomiel-vitaminas.html\">RefriStop Naranja<\/a> <\/strong>van a ayudarte con los s\u00edntomas del resfriado sin tener que tomar medicamentos que da\u00f1en tu sistema digestivo. <strong>Pueden tomarlo tambi\u00e9n las mujeres embarazadas a las que no se les recomienda consumir medicaci\u00f3n, siendo totalmente seguro<\/strong>. En cualquier caso, siempre es bueno hablar con el m\u00e9dico antes de tomar ning\u00fan producto durante el embarazo.<\/p>\n\n\n\n<div class=\"wp-block-image\"><figure class=\"aligncenter\"><a href=\"\/es\/dolencias-en-general\/522-refristop-naranja-pharmadietresfriado-gripe-defensas-equinacea-sauce-droseraeucaliptotomillomiel-vitaminas.html\" target=\"_blank\" rel=\"noreferrer noopener\"><img loading=\"lazy\" decoding=\"async\" width=\"467\" height=\"467\" src=\"https:\/\/www.salutemshop.com\/blog\/wp-content\/uploads\/2018\/12\/refristop-naranja.png\" alt=\"\" class=\"wp-image-133\" srcset=\"https:\/\/www.salutemshop.com\/blog\/wp-content\/uploads\/2018\/12\/refristop-naranja.png 467w, https:\/\/www.salutemshop.com\/blog\/wp-content\/uploads\/2018\/12\/refristop-naranja-150x150.png 150w, https:\/\/www.salutemshop.com\/blog\/wp-content\/uploads\/2018\/12\/refristop-naranja-300x300.png 300w\" sizes=\"auto, (max-width: 467px) 100vw, 467px\" \/><\/a><\/figure><\/div>\n\n\n\n<p>Pero, \u00bfqu\u00e9 contiene este producto para ser tan recomendable y resultar un aliado contra el resfriado? Pues nada menos que equin\u00e1cea, que ya hemos visto todas las propiedades que tiene, tomillo, miel vitaminas B6 y B12, pero, sobretodo,  sauce blanco rico en salicilina. \u00bfTe suena de algo ese nombre? Seguro que te ha hecho recordar al \u00e1cido acetilsalic\u00edlico, la popular aspirina tan eficaz contra los catarros. Y es que este \u00e1cido se crea a partir de la salicina del sauce blanco, con lo que estaremos benefici\u00e1ndonos de lo positivo de la aspirina, pero tomando algo <strong>totalmente natural<\/strong>.<\/p>\n\n\n\n<h2 class=\"wp-block-heading\">Prop\u00f3sitos de A\u00f1o Nuevo<\/h2>\n\n\n\n<p>En cualquier caso, no te olvides de que el invierno es muy largo y que no se trata tan solo de estar bien para poder llegar a celebrar Reyes sin catarros, sino de estar en plena forma durante todo el 2019. <\/p>\n\n\n\n<p>\u00bfHas pedido ya tus deseos para el a\u00f1o nuevo? Si uno de ellos es tener salud recuerda que es algo que depende en gran parte de ti, de c\u00f3mo te alimentes y de c\u00f3mo te cuides. Por eso, te recomendamos que metas en tu lista de prop\u00f3sitos de a\u00f1o nuevo el <strong>dedicar un poco m\u00e1s de tiempo a cuidarte y mimarte.<\/strong><\/p>\n\n\n\n<p>Dejar de fumar, comer saludable y hacer m\u00e1s ejercicio no son solo esas cosas que se a\u00f1aden en la lista a\u00f1o tras a\u00f1o pero que se olvidan antes del quince de enero. Este a\u00f1o deber\u00edan ser tus verdaderas prioridades y ver\u00e1s como el a\u00f1o que viene, por estas fechas, puedes hacer un an\u00e1lisis de c\u00f3mo ha ido tu a\u00f1o y descubrir\u00e1s que, seguramente, has estado m\u00e1s sano, m\u00e1s fuerte y no has tenido tantos achaques como otras veces. As\u00ed pues, <strong>comienza a cuidarte este invierno y mant\u00e9n los buenos h\u00e1bitos durante todo el a\u00f1o<\/strong>.<\/p>\n","protected":false},"excerpt":{"rendered":"<p>Llega el invierno y muchos ya hemos pasado alg\u00fan que otro resfriado. Si te ha sucedido es porque tus defensas no est\u00e1n suficientemente fuertes. Ponle remedio a eso con un producto como Prop\u00f3leo masticable con Vitamina C, equinac\u00e9a y tomillo para fortalecer tus defensas en general. El prop\u00f3leo es conocido desde la \u00e9poca de la [&hellip;]<\/p>\n","protected":false},"author":2,"featured_media":135,"comment_status":"open","ping_status":"closed","sticky":false,"template":"","format":"standard","meta":{"footnotes":""},"categories":[15],"tags":[],"class_list":["post-130","post","type-post","status-publish","format-standard","has-post-thumbnail","hentry","category-salud-general"],"yoast_head":"<!-- This site is optimized with the Yoast SEO plugin v27.3 - https:\/\/yoast.com\/product\/yoast-seo-wordpress\/ -->\n<title>Aumenta las defensas de tu cuerpo este invierno - Blog Salutem Shop<\/title>\n<meta name=\"robots\" content=\"index, follow, max-snippet:-1, max-image-preview:large, max-video-preview:-1\" \/>\n<link rel=\"canonical\" href=\"https:\/\/www.salutemshop.com\/blog\/aumenta-las-defensas-de-tu-cuerpo-este-invierno\/\" \/>\n<meta property=\"og:locale\" content=\"es_ES\" \/>\n<meta property=\"og:type\" content=\"article\" \/>\n<meta property=\"og:title\" content=\"Aumenta las defensas de tu cuerpo este invierno - Blog Salutem Shop\" \/>\n<meta property=\"og:description\" content=\"Llega el invierno y muchos ya hemos pasado alg\u00fan que otro resfriado. Si te ha sucedido es porque tus defensas no est\u00e1n suficientemente fuertes. Ponle remedio a eso con un producto como Prop\u00f3leo masticable con Vitamina C, equinac\u00e9a y tomillo para fortalecer tus defensas en general. El prop\u00f3leo es conocido desde la \u00e9poca de la [&hellip;]\" \/>\n<meta property=\"og:url\" content=\"https:\/\/www.salutemshop.com\/blog\/aumenta-las-defensas-de-tu-cuerpo-este-invierno\/\" \/>\n<meta property=\"og:site_name\" content=\"Blog Salutem Shop\" \/>\n<meta property=\"article:published_time\" content=\"2018-12-11T09:00:25+00:00\" \/>\n<meta property=\"article:modified_time\" content=\"2025-03-04T09:09:53+00:00\" \/>\n<meta property=\"og:image\" content=\"https:\/\/www.salutemshop.com\/blog\/wp-content\/uploads\/2018\/12\/salud-invierno.jpg\" \/>\n\t<meta property=\"og:image:width\" content=\"800\" \/>\n\t<meta property=\"og:image:height\" content=\"533\" \/>\n\t<meta property=\"og:image:type\" content=\"image\/jpeg\" \/>\n<meta name=\"author\" content=\"salutemshop\" \/>\n<meta name=\"twitter:card\" content=\"summary_large_image\" \/>\n<meta name=\"twitter:label1\" content=\"Escrito por\" \/>\n\t<meta name=\"twitter:data1\" content=\"salutemshop\" \/>\n\t<meta name=\"twitter:label2\" content=\"Tiempo de lectura\" \/>\n\t<meta name=\"twitter:data2\" content=\"4 minutos\" \/>\n<script type=\"application\/ld+json\" class=\"yoast-schema-graph\">{\"@context\":\"https:\\\/\\\/schema.org\",\"@graph\":[{\"@type\":\"Article\",\"@id\":\"https:\\\/\\\/www.salutemshop.com\\\/blog\\\/aumenta-las-defensas-de-tu-cuerpo-este-invierno\\\/#article\",\"isPartOf\":{\"@id\":\"https:\\\/\\\/www.salutemshop.com\\\/blog\\\/aumenta-las-defensas-de-tu-cuerpo-este-invierno\\\/\"},\"author\":{\"name\":\"salutemshop\",\"@id\":\"https:\\\/\\\/www.salutemshop.com\\\/blog\\\/#\\\/schema\\\/person\\\/efbd44887c2825c47d4213d3153a47b5\"},\"headline\":\"Aumenta las defensas de tu cuerpo este invierno\",\"datePublished\":\"2018-12-11T09:00:25+00:00\",\"dateModified\":\"2025-03-04T09:09:53+00:00\",\"mainEntityOfPage\":{\"@id\":\"https:\\\/\\\/www.salutemshop.com\\\/blog\\\/aumenta-las-defensas-de-tu-cuerpo-este-invierno\\\/\"},\"wordCount\":858,\"commentCount\":0,\"image\":{\"@id\":\"https:\\\/\\\/www.salutemshop.com\\\/blog\\\/aumenta-las-defensas-de-tu-cuerpo-este-invierno\\\/#primaryimage\"},\"thumbnailUrl\":\"https:\\\/\\\/www.salutemshop.com\\\/blog\\\/wp-content\\\/uploads\\\/2018\\\/12\\\/salud-invierno.jpg\",\"articleSection\":[\"Salud General\"],\"inLanguage\":\"es\",\"potentialAction\":[{\"@type\":\"CommentAction\",\"name\":\"Comment\",\"target\":[\"https:\\\/\\\/www.salutemshop.com\\\/blog\\\/aumenta-las-defensas-de-tu-cuerpo-este-invierno\\\/#respond\"]}]},{\"@type\":\"WebPage\",\"@id\":\"https:\\\/\\\/www.salutemshop.com\\\/blog\\\/aumenta-las-defensas-de-tu-cuerpo-este-invierno\\\/\",\"url\":\"https:\\\/\\\/www.salutemshop.com\\\/blog\\\/aumenta-las-defensas-de-tu-cuerpo-este-invierno\\\/\",\"name\":\"Aumenta las defensas de tu cuerpo este invierno - Blog Salutem Shop\",\"isPartOf\":{\"@id\":\"https:\\\/\\\/www.salutemshop.com\\\/blog\\\/#website\"},\"primaryImageOfPage\":{\"@id\":\"https:\\\/\\\/www.salutemshop.com\\\/blog\\\/aumenta-las-defensas-de-tu-cuerpo-este-invierno\\\/#primaryimage\"},\"image\":{\"@id\":\"https:\\\/\\\/www.salutemshop.com\\\/blog\\\/aumenta-las-defensas-de-tu-cuerpo-este-invierno\\\/#primaryimage\"},\"thumbnailUrl\":\"https:\\\/\\\/www.salutemshop.com\\\/blog\\\/wp-content\\\/uploads\\\/2018\\\/12\\\/salud-invierno.jpg\",\"datePublished\":\"2018-12-11T09:00:25+00:00\",\"dateModified\":\"2025-03-04T09:09:53+00:00\",\"author\":{\"@id\":\"https:\\\/\\\/www.salutemshop.com\\\/blog\\\/#\\\/schema\\\/person\\\/efbd44887c2825c47d4213d3153a47b5\"},\"breadcrumb\":{\"@id\":\"https:\\\/\\\/www.salutemshop.com\\\/blog\\\/aumenta-las-defensas-de-tu-cuerpo-este-invierno\\\/#breadcrumb\"},\"inLanguage\":\"es\",\"potentialAction\":[{\"@type\":\"ReadAction\",\"target\":[\"https:\\\/\\\/www.salutemshop.com\\\/blog\\\/aumenta-las-defensas-de-tu-cuerpo-este-invierno\\\/\"]}]},{\"@type\":\"ImageObject\",\"inLanguage\":\"es\",\"@id\":\"https:\\\/\\\/www.salutemshop.com\\\/blog\\\/aumenta-las-defensas-de-tu-cuerpo-este-invierno\\\/#primaryimage\",\"url\":\"https:\\\/\\\/www.salutemshop.com\\\/blog\\\/wp-content\\\/uploads\\\/2018\\\/12\\\/salud-invierno.jpg\",\"contentUrl\":\"https:\\\/\\\/www.salutemshop.com\\\/blog\\\/wp-content\\\/uploads\\\/2018\\\/12\\\/salud-invierno.jpg\",\"width\":800,\"height\":533,\"caption\":\"salud-invierno\"},{\"@type\":\"BreadcrumbList\",\"@id\":\"https:\\\/\\\/www.salutemshop.com\\\/blog\\\/aumenta-las-defensas-de-tu-cuerpo-este-invierno\\\/#breadcrumb\",\"itemListElement\":[{\"@type\":\"ListItem\",\"position\":1,\"name\":\"Portada\",\"item\":\"https:\\\/\\\/www.salutemshop.com\\\/blog\\\/\"},{\"@type\":\"ListItem\",\"position\":2,\"name\":\"Aumenta las defensas de tu cuerpo este invierno\"}]},{\"@type\":\"WebSite\",\"@id\":\"https:\\\/\\\/www.salutemshop.com\\\/blog\\\/#website\",\"url\":\"https:\\\/\\\/www.salutemshop.com\\\/blog\\\/\",\"name\":\"Blog Salutem Shop\",\"description\":\"Consejos, remedios naturales y m\u00e1s.\",\"potentialAction\":[{\"@type\":\"SearchAction\",\"target\":{\"@type\":\"EntryPoint\",\"urlTemplate\":\"https:\\\/\\\/www.salutemshop.com\\\/blog\\\/?s={search_term_string}\"},\"query-input\":{\"@type\":\"PropertyValueSpecification\",\"valueRequired\":true,\"valueName\":\"search_term_string\"}}],\"inLanguage\":\"es\"},{\"@type\":\"Person\",\"@id\":\"https:\\\/\\\/www.salutemshop.com\\\/blog\\\/#\\\/schema\\\/person\\\/efbd44887c2825c47d4213d3153a47b5\",\"name\":\"salutemshop\",\"image\":{\"@type\":\"ImageObject\",\"inLanguage\":\"es\",\"@id\":\"https:\\\/\\\/secure.gravatar.com\\\/avatar\\\/97cb944496b44cb3e7097c69e394409cc77c991acbdc57cd1640e0419f5fa98a?s=96&d=mm&r=g\",\"url\":\"https:\\\/\\\/secure.gravatar.com\\\/avatar\\\/97cb944496b44cb3e7097c69e394409cc77c991acbdc57cd1640e0419f5fa98a?s=96&d=mm&r=g\",\"contentUrl\":\"https:\\\/\\\/secure.gravatar.com\\\/avatar\\\/97cb944496b44cb3e7097c69e394409cc77c991acbdc57cd1640e0419f5fa98a?s=96&d=mm&r=g\",\"caption\":\"salutemshop\"},\"url\":\"https:\\\/\\\/www.salutemshop.com\\\/blog\\\/author\\\/salutemshop\\\/\"}]}<\/script>\n<!-- \/ Yoast SEO plugin. -->","yoast_head_json":{"title":"Aumenta las defensas de tu cuerpo este invierno - Blog Salutem Shop","robots":{"index":"index","follow":"follow","max-snippet":"max-snippet:-1","max-image-preview":"max-image-preview:large","max-video-preview":"max-video-preview:-1"},"canonical":"https:\/\/www.salutemshop.com\/blog\/aumenta-las-defensas-de-tu-cuerpo-este-invierno\/","og_locale":"es_ES","og_type":"article","og_title":"Aumenta las defensas de tu cuerpo este invierno - Blog Salutem Shop","og_description":"Llega el invierno y muchos ya hemos pasado alg\u00fan que otro resfriado. Si te ha sucedido es porque tus defensas no est\u00e1n suficientemente fuertes. Ponle remedio a eso con un producto como Prop\u00f3leo masticable con Vitamina C, equinac\u00e9a y tomillo para fortalecer tus defensas en general. El prop\u00f3leo es conocido desde la \u00e9poca de la [&hellip;]","og_url":"https:\/\/www.salutemshop.com\/blog\/aumenta-las-defensas-de-tu-cuerpo-este-invierno\/","og_site_name":"Blog Salutem Shop","article_published_time":"2018-12-11T09:00:25+00:00","article_modified_time":"2025-03-04T09:09:53+00:00","og_image":[{"width":800,"height":533,"url":"https:\/\/www.salutemshop.com\/blog\/wp-content\/uploads\/2018\/12\/salud-invierno.jpg","type":"image\/jpeg"}],"author":"salutemshop","twitter_card":"summary_large_image","twitter_misc":{"Escrito por":"salutemshop","Tiempo de lectura":"4 minutos"},"schema":{"@context":"https:\/\/schema.org","@graph":[{"@type":"Article","@id":"https:\/\/www.salutemshop.com\/blog\/aumenta-las-defensas-de-tu-cuerpo-este-invierno\/#article","isPartOf":{"@id":"https:\/\/www.salutemshop.com\/blog\/aumenta-las-defensas-de-tu-cuerpo-este-invierno\/"},"author":{"name":"salutemshop","@id":"https:\/\/www.salutemshop.com\/blog\/#\/schema\/person\/efbd44887c2825c47d4213d3153a47b5"},"headline":"Aumenta las defensas de tu cuerpo este invierno","datePublished":"2018-12-11T09:00:25+00:00","dateModified":"2025-03-04T09:09:53+00:00","mainEntityOfPage":{"@id":"https:\/\/www.salutemshop.com\/blog\/aumenta-las-defensas-de-tu-cuerpo-este-invierno\/"},"wordCount":858,"commentCount":0,"image":{"@id":"https:\/\/www.salutemshop.com\/blog\/aumenta-las-defensas-de-tu-cuerpo-este-invierno\/#primaryimage"},"thumbnailUrl":"https:\/\/www.salutemshop.com\/blog\/wp-content\/uploads\/2018\/12\/salud-invierno.jpg","articleSection":["Salud General"],"inLanguage":"es","potentialAction":[{"@type":"CommentAction","name":"Comment","target":["https:\/\/www.salutemshop.com\/blog\/aumenta-las-defensas-de-tu-cuerpo-este-invierno\/#respond"]}]},{"@type":"WebPage","@id":"https:\/\/www.salutemshop.com\/blog\/aumenta-las-defensas-de-tu-cuerpo-este-invierno\/","url":"https:\/\/www.salutemshop.com\/blog\/aumenta-las-defensas-de-tu-cuerpo-este-invierno\/","name":"Aumenta las defensas de tu cuerpo este invierno - Blog Salutem Shop","isPartOf":{"@id":"https:\/\/www.salutemshop.com\/blog\/#website"},"primaryImageOfPage":{"@id":"https:\/\/www.salutemshop.com\/blog\/aumenta-las-defensas-de-tu-cuerpo-este-invierno\/#primaryimage"},"image":{"@id":"https:\/\/www.salutemshop.com\/blog\/aumenta-las-defensas-de-tu-cuerpo-este-invierno\/#primaryimage"},"thumbnailUrl":"https:\/\/www.salutemshop.com\/blog\/wp-content\/uploads\/2018\/12\/salud-invierno.jpg","datePublished":"2018-12-11T09:00:25+00:00","dateModified":"2025-03-04T09:09:53+00:00","author":{"@id":"https:\/\/www.salutemshop.com\/blog\/#\/schema\/person\/efbd44887c2825c47d4213d3153a47b5"},"breadcrumb":{"@id":"https:\/\/www.salutemshop.com\/blog\/aumenta-las-defensas-de-tu-cuerpo-este-invierno\/#breadcrumb"},"inLanguage":"es","potentialAction":[{"@type":"ReadAction","target":["https:\/\/www.salutemshop.com\/blog\/aumenta-las-defensas-de-tu-cuerpo-este-invierno\/"]}]},{"@type":"ImageObject","inLanguage":"es","@id":"https:\/\/www.salutemshop.com\/blog\/aumenta-las-defensas-de-tu-cuerpo-este-invierno\/#primaryimage","url":"https:\/\/www.salutemshop.com\/blog\/wp-content\/uploads\/2018\/12\/salud-invierno.jpg","contentUrl":"https:\/\/www.salutemshop.com\/blog\/wp-content\/uploads\/2018\/12\/salud-invierno.jpg","width":800,"height":533,"caption":"salud-invierno"},{"@type":"BreadcrumbList","@id":"https:\/\/www.salutemshop.com\/blog\/aumenta-las-defensas-de-tu-cuerpo-este-invierno\/#breadcrumb","itemListElement":[{"@type":"ListItem","position":1,"name":"Portada","item":"https:\/\/www.salutemshop.com\/blog\/"},{"@type":"ListItem","position":2,"name":"Aumenta las defensas de tu cuerpo este invierno"}]},{"@type":"WebSite","@id":"https:\/\/www.salutemshop.com\/blog\/#website","url":"https:\/\/www.salutemshop.com\/blog\/","name":"Blog Salutem Shop","description":"Consejos, remedios naturales y m\u00e1s.","potentialAction":[{"@type":"SearchAction","target":{"@type":"EntryPoint","urlTemplate":"https:\/\/www.salutemshop.com\/blog\/?s={search_term_string}"},"query-input":{"@type":"PropertyValueSpecification","valueRequired":true,"valueName":"search_term_string"}}],"inLanguage":"es"},{"@type":"Person","@id":"https:\/\/www.salutemshop.com\/blog\/#\/schema\/person\/efbd44887c2825c47d4213d3153a47b5","name":"salutemshop","image":{"@type":"ImageObject","inLanguage":"es","@id":"https:\/\/secure.gravatar.com\/avatar\/97cb944496b44cb3e7097c69e394409cc77c991acbdc57cd1640e0419f5fa98a?s=96&d=mm&r=g","url":"https:\/\/secure.gravatar.com\/avatar\/97cb944496b44cb3e7097c69e394409cc77c991acbdc57cd1640e0419f5fa98a?s=96&d=mm&r=g","contentUrl":"https:\/\/secure.gravatar.com\/avatar\/97cb944496b44cb3e7097c69e394409cc77c991acbdc57cd1640e0419f5fa98a?s=96&d=mm&r=g","caption":"salutemshop"},"url":"https:\/\/www.salutemshop.com\/blog\/author\/salutemshop\/"}]}},"_links":{"self":[{"href":"https:\/\/www.salutemshop.com\/blog\/wp-json\/wp\/v2\/posts\/130","targetHints":{"allow":["GET"]}}],"collection":[{"href":"https:\/\/www.salutemshop.com\/blog\/wp-json\/wp\/v2\/posts"}],"about":[{"href":"https:\/\/www.salutemshop.com\/blog\/wp-json\/wp\/v2\/types\/post"}],"author":[{"embeddable":true,"href":"https:\/\/www.salutemshop.com\/blog\/wp-json\/wp\/v2\/users\/2"}],"replies":[{"embeddable":true,"href":"https:\/\/www.salutemshop.com\/blog\/wp-json\/wp\/v2\/comments?post=130"}],"version-history":[{"count":2,"href":"https:\/\/www.salutemshop.com\/blog\/wp-json\/wp\/v2\/posts\/130\/revisions"}],"predecessor-version":[{"id":136,"href":"https:\/\/www.salutemshop.com\/blog\/wp-json\/wp\/v2\/posts\/130\/revisions\/136"}],"wp:featuredmedia":[{"embeddable":true,"href":"https:\/\/www.salutemshop.com\/blog\/wp-json\/wp\/v2\/media\/135"}],"wp:attachment":[{"href":"https:\/\/www.salutemshop.com\/blog\/wp-json\/wp\/v2\/media?parent=130"}],"wp:term":[{"taxonomy":"category","embeddable":true,"href":"https:\/\/www.salutemshop.com\/blog\/wp-json\/wp\/v2\/categories?post=130"},{"taxonomy":"post_tag","embeddable":true,"href":"https:\/\/www.salutemshop.com\/blog\/wp-json\/wp\/v2\/tags?post=130"}],"curies":[{"name":"wp","href":"https:\/\/api.w.org\/{rel}","templated":true}]}}